{"id":8246,"date":"2019-10-08T13:11:24","date_gmt":"2019-10-08T12:11:24","guid":{"rendered":"https:\/\/micasatucasaibiza.com\/?p=6797"},"modified":"2022-03-23T10:05:37","modified_gmt":"2022-03-23T09:05:37","slug":"event-about-rental-holiday-housing-in-ibiza","status":"publish","type":"post","link":"https:\/\/micasatucasaibiza.com\/de\/ibiza-news\/vermietung-von-ferienunterkunften-veranstaltung\/","title":{"rendered":"Vermietung von Ferienunterk\u00fcnften Veranstaltung"},"content":{"rendered":"<p>Auf dem f\u00fcnften Kongress f\u00fcr Ferienh\u00e4user auf Ibiza, der am 7. und 8. Oktober auf Ibiza stattfindet, werden die Neuigkeiten im Sektor der Ferienh\u00e4user, Innovationen und Herausforderungen f\u00fcr die Zukunft diskutiert. Organisiert wird die Veranstaltung von der Association of Tourist Vacation Villas, Ibiza (AVAT). Die <a href=\"https:\/\/www.avat-ibiza.com\/\">AVAT<\/a> wurde 2011 gegr\u00fcndet und ist eine gemeinn\u00fctzige Vereinigung von Ferienvermietungsagenturen und Immobilienbesitzern der Insel, die ma\u00dfgeblich an der professionellen Entwicklung und Regulierung der Vermietungsbranche auf der Insel beteiligt ist.<\/p>\n<p>F\u00fcr die diesj\u00e4hrige Ausgabe wurde ein Programm entwickelt, das auf die Bed\u00fcrfnisse der touristischen Hausbesitzer und Marketingagenturen zugeschnitten ist, &#8222;um den Herausforderungen und Defiziten in den Vorschriften und der Praxis eines wachsenden Sektors zu begegnen, der eine gr\u00f6\u00dftm\u00f6gliche Professionalisierung erfordert&#8220;, wie die Organisatoren erkl\u00e4ren.<\/p>\n<p>So werden im Laufe der beiden Tage mehrere Pr\u00e4sentationen, Debatten und runde Tische stattfinden, bei denen Themen wie lokale und regionale Vorschriften, Eingriffe in den Sektor, Anforderungen an die Unterbringung von Touristen oder Marktaufenthalte, \u00f6kologische Nachhaltigkeit bei Touristenunterk\u00fcnften, die Gegenwart und Zukunft des Tourismusvertriebs (wohin sich der Markt entwickelt, Kundenw\u00fcnsche und -bed\u00fcrfnisse), die Versicherung und Sicherheit von Ferienh\u00e4usern oder die Steigerung der Rentabilit\u00e4t eines Touristenheims diskutiert werden.<\/p>\n<p>&#8222;Verschiedene Vertreter der verschiedenen Gemeinden werden die politischen Vorschl\u00e4ge f\u00fcr die laufende Legislaturperiode pr\u00fcfen und sich dabei auf Fragen der \u00f6ffentlichen Ordnung, des Zusammenlebens und der Sicherheit konzentrieren. Eine der zentralen Debatten wird sich um die Befreiung oder Legalisierung des Sektors, der Lobbys und der Zugangsbeschr\u00e4nkungen in dieser Aktivit\u00e4t drehen&#8220;, so die Organisatoren.<\/p>\n<p>Zu den Referenten des Kongresses geh\u00f6ren Pilar Canedo, Beraterin der Nationalen Kommission f\u00fcr den Wettbewerbsmarkt (CNMC) und Mariano Juan, Regionalminister &#8222;Gesti\u00f3 del Territori i Lluita contra l&#8217;Intrusisme&#8220;. Auch Fachleute aus dem Beherbergungssektor werden ihre Sicht der Dinge darlegen, wie Nicol\u00e1s Galantini, Account Manager von AJL Consulting; Alexis Barcel\u00f3, CEO von Abal Consulting; Tolo Gomila, Pr\u00e4sident von FEVITUR (Spanischer Verband der Verb\u00e4nde f\u00fcr touristische Unterk\u00fcnfte und Apartments) und ein Vertreter von Homeaway, um nur einige zu nennen.<\/p>\n<p>Mi Casa Tu Casa wird zusammen mit dem gemeinn\u00fctzigen Verein <a href=\"https:\/\/ibizapreservation.org\/\">Ibiza Preservation Foundation<\/a>, <a href=\"http:\/\/grupoterravita.com\/\">Terravita<\/a>, <a href=\"https:\/\/www.facebook.com\/alianzaaguaibizaformentera\/\">Alianza<\/a> por la gesti\u00f3n sostenible del agua Ibiza y Formentera, Ibiza Sostenible, SolSulet an der Podiumsdiskussion zum Thema \u00f6kologische Nachhaltigkeit in touristischen Unterk\u00fcnften teilnehmen.<\/p>\n<p>Wir freuen uns, Sie dort zu sehen!<\/p>","protected":false},"excerpt":{"rendered":"<p>Auf dem f\u00fcnften Kongress f\u00fcr Ferienh\u00e4user auf Ibiza, der am 7. und 8. Oktober auf Ibiza stattfindet, werden die Neuigkeiten im Sektor der Ferienh\u00e4user, Innovationen und Herausforderungen f\u00fcr die Zukunft &hellip;<\/p>\n","protected":false},"author":18,"featured_media":8278,"comment_status":"closed","ping_status":"open","sticky":false,"template":"","format":"standard","meta":{"_acf_changed":false,"footnotes":""},"categories":[75,446],"tags":[],"class_list":["post-8246","post","type-post","status-publish","format-standard","has-post-thumbnail","hentry","category-island-news","category-sustainability"],"acf":[],"yoast_head":"<!-- This site is optimized with the Yoast SEO plugin v27.4 - https:\/\/yoast.com\/product\/yoast-seo-wordpress\/ -->\n<title>| Vermietung von Ferienunterk\u00fcnften Veranstaltung | Mi Casa Tu Casa Ibiza<\/title>\n<meta name=\"description\" content=\"The news of the tourist housing sector, innovations and challenges for the future will be discussed at the fifth Congress of Vacational Tourist Homes in\" \/>\n<meta name=\"robots\" content=\"index, follow, max-snippet:-1, max-image-preview:large, max-video-preview:-1\" \/>\n<link rel=\"canonical\" href=\"\/de\/\" \/>\n<meta property=\"og:locale\" content=\"de_DE\" \/>\n<meta property=\"og:type\" content=\"article\" \/>\n<meta property=\"og:title\" content=\"| Vermietung von Ferienunterk\u00fcnften Veranstaltung | Mi Casa Tu Casa Ibiza\" \/>\n<meta property=\"og:description\" content=\"The news of the tourist housing sector, innovations and challenges for the future will be discussed at the fifth Congress of Vacational Tourist Homes in\" \/>\n<meta property=\"og:url\" content=\"\/de\/\" \/>\n<meta property=\"og:site_name\" content=\"Mi Casa Tu Casa Ibiza\" \/>\n<meta property=\"article:publisher\" content=\"https:\/\/www.facebook.com\/MiCasaTuCasaIbiza\/\" \/>\n<meta property=\"article:published_time\" content=\"2019-10-08T12:11:24+00:00\" \/>\n<meta property=\"article:modified_time\" content=\"2022-03-23T09:05:37+00:00\" \/>\n<meta property=\"og:image\" content=\"https:\/\/micasatucasaibiza.com\/wp-content\/uploads\/2019\/10\/micasatucasaeventovacationatouristhomesibiza.jpg\" \/>\n\t<meta property=\"og:image:width\" content=\"960\" \/>\n\t<meta property=\"og:image:height\" content=\"720\" \/>\n\t<meta property=\"og:image:type\" content=\"image\/jpeg\" \/>\n<meta name=\"author\" content=\"tamara\" \/>\n<meta name=\"twitter:label1\" content=\"Verfasst von\" \/>\n\t<meta name=\"twitter:data1\" content=\"tamara\" \/>\n\t<meta name=\"twitter:label2\" content=\"Gesch\u00e4tzte Lesezeit\" \/>\n\t<meta name=\"twitter:data2\" content=\"8\u00a0Minuten\" \/>\n<script type=\"application\/ld+json\" class=\"yoast-schema-graph\">{\"@context\":\"https:\\\/\\\/schema.org\",\"@graph\":[{\"@type\":\"Article\",\"@id\":\"\\\/#article\",\"isPartOf\":{\"@id\":\"https:\\\/\\\/micasatucasaibiza.com\\\/ibiza-news\\\/event-about-rental-holiday-housing-in-ibiza\\\/\"},\"author\":{\"name\":\"tamara\",\"@id\":\"https:\\\/\\\/micasatucasaibiza.com\\\/#\\\/schema\\\/person\\\/c77f74f86e1ef84a8a55c36649cf988b\"},\"headline\":\"Vermietung von Ferienunterk\u00fcnften Veranstaltung\",\"datePublished\":\"2019-10-08T12:11:24+00:00\",\"dateModified\":\"2022-03-23T09:05:37+00:00\",\"mainEntityOfPage\":{\"@id\":\"https:\\\/\\\/micasatucasaibiza.com\\\/ibiza-news\\\/event-about-rental-holiday-housing-in-ibiza\\\/\"},\"wordCount\":1635,\"publisher\":{\"@id\":\"https:\\\/\\\/micasatucasaibiza.com\\\/#organization\"},\"image\":{\"@id\":\"\\\/#primaryimage\"},\"thumbnailUrl\":\"https:\\\/\\\/micasatucasaibiza.com\\\/wp-content\\\/uploads\\\/2019\\\/10\\\/micasatucasaeventovacationatouristhomesibiza.jpg\",\"articleSection\":[\"Insel-Nachrichten\",\"Nachhaltigkeit\"],\"inLanguage\":\"de\"},{\"@type\":\"WebPage\",\"@id\":\"https:\\\/\\\/micasatucasaibiza.com\\\/de\\\/ibiza-news\\\/event-about-rental-holiday-housing-in-ibiza\\\/\",\"url\":\"\\\/de\\\/\",\"name\":\"| Vermietung von Ferienunterk\u00fcnften Veranstaltung | Mi Casa Tu Casa Ibiza\",\"isPartOf\":{\"@id\":\"https:\\\/\\\/micasatucasaibiza.com\\\/de\\\/#website\"},\"primaryImageOfPage\":{\"@id\":\"\\\/de\\\/#primaryimage\"},\"image\":{\"@id\":\"\\\/#primaryimage\"},\"thumbnailUrl\":\"https:\\\/\\\/micasatucasaibiza.com\\\/wp-content\\\/uploads\\\/2019\\\/10\\\/micasatucasaeventovacationatouristhomesibiza.jpg\",\"datePublished\":\"2019-10-08T12:11:24+00:00\",\"dateModified\":\"2022-03-23T09:05:37+00:00\",\"description\":\"The news of the tourist housing sector, innovations and challenges for the future will be discussed at the fifth Congress of Vacational Tourist Homes in\",\"breadcrumb\":{\"@id\":\"\\\/de\\\/#breadcrumb\"},\"inLanguage\":\"de\",\"potentialAction\":[{\"@type\":\"ReadAction\",\"target\":[[\"\\\/de\\\/\"]]}]},{\"@type\":\"ImageObject\",\"inLanguage\":\"de\",\"@id\":\"\\\/de\\\/#primaryimage\",\"url\":\"https:\\\/\\\/micasatucasaibiza.com\\\/wp-content\\\/uploads\\\/2019\\\/10\\\/micasatucasaeventovacationatouristhomesibiza.jpg\",\"contentUrl\":\"https:\\\/\\\/micasatucasaibiza.com\\\/wp-content\\\/uploads\\\/2019\\\/10\\\/micasatucasaeventovacationatouristhomesibiza.jpg\",\"width\":960,\"height\":720,\"caption\":\"holiday housing event\"},{\"@type\":\"BreadcrumbList\",\"@id\":\"\\\/de\\\/#breadcrumb\",\"itemListElement\":[{\"@type\":\"ListItem\",\"position\":1,\"name\":\"Home\",\"item\":\"https:\\\/\\\/micasatucasaibiza.com\\\/de\\\/\"},{\"@type\":\"ListItem\",\"position\":2,\"name\":\"Rental Holiday Housing Event\"}]},{\"@type\":\"WebSite\",\"@id\":\"https:\\\/\\\/micasatucasaibiza.com\\\/de\\\/#website\",\"url\":\"https:\\\/\\\/micasatucasaibiza.com\\\/de\\\/\",\"name\":\"Mi Casa Tu Casa Ibiza\",\"description\":\"Special villas. Exclusively managed.\",\"publisher\":{\"@id\":\"https:\\\/\\\/micasatucasaibiza.com\\\/de\\\/#organization\"},\"potentialAction\":[{\"@type\":\"SearchAction\",\"target\":{\"@type\":\"EntryPoint\",\"urlTemplate\":\"https:\\\/\\\/micasatucasaibiza.com\\\/de\\\/?s={search_term_string}\"},\"query-input\":{\"@type\":\"PropertyValueSpecification\",\"valueRequired\":true,\"valueName\":\"search_term_string\"}}],\"inLanguage\":\"de\"},{\"@type\":\"Organization\",\"@id\":\"https:\\\/\\\/micasatucasaibiza.com\\\/de\\\/#organization\",\"name\":\"Mi Casa Tu Casa Ibiza\",\"url\":\"https:\\\/\\\/micasatucasaibiza.com\\\/de\\\/\",\"logo\":{\"@type\":\"ImageObject\",\"inLanguage\":\"de\",\"@id\":\"https:\\\/\\\/micasatucasaibiza.com\\\/de\\\/#\\\/schema\\\/logo\\\/image\\\/\",\"url\":\"https:\\\/\\\/micasatucasaibiza.com\\\/wp-content\\\/uploads\\\/logo.gif\",\"contentUrl\":\"https:\\\/\\\/micasatucasaibiza.com\\\/wp-content\\\/uploads\\\/logo.gif\",\"width\":226,\"height\":97,\"caption\":\"Mi Casa Tu Casa Ibiza\"},\"image\":{\"@id\":\"https:\\\/\\\/micasatucasaibiza.com\\\/de\\\/#\\\/schema\\\/logo\\\/image\\\/\"},\"sameAs\":[\"https:\\\/\\\/www.facebook.com\\\/MiCasaTuCasaIbiza\\\/\",\"https:\\\/\\\/www.instagram.com\\\/micasatucasaibiza\\\/\"]},{\"@type\":\"Person\",\"@id\":\"https:\\\/\\\/micasatucasaibiza.com\\\/#\\\/schema\\\/person\\\/c77f74f86e1ef84a8a55c36649cf988b\",\"name\":\"tamara\",\"image\":{\"@type\":\"ImageObject\",\"inLanguage\":\"de\",\"@id\":\"https:\\\/\\\/secure.gravatar.com\\\/avatar\\\/af9c2e0533f660d46c66f7d9dc905d4de9e3ff9ff196b1fb714be9af16b0a0f5?s=96&d=mm&r=g\",\"url\":\"https:\\\/\\\/secure.gravatar.com\\\/avatar\\\/af9c2e0533f660d46c66f7d9dc905d4de9e3ff9ff196b1fb714be9af16b0a0f5?s=96&d=mm&r=g\",\"contentUrl\":\"https:\\\/\\\/secure.gravatar.com\\\/avatar\\\/af9c2e0533f660d46c66f7d9dc905d4de9e3ff9ff196b1fb714be9af16b0a0f5?s=96&d=mm&r=g\",\"caption\":\"tamara\"}}]}<\/script>\n<!-- \/ Yoast SEO plugin. -->","yoast_head_json":{"title":"| Vermietung von Ferienunterk\u00fcnften Veranstaltung | Mi Casa Tu Casa Ibiza","description":"The news of the tourist housing sector, innovations and challenges for the future will be discussed at the fifth Congress of Vacational Tourist Homes in","robots":{"index":"index","follow":"follow","max-snippet":"max-snippet:-1","max-image-preview":"max-image-preview:large","max-video-preview":"max-video-preview:-1"},"canonical":"\/de\/","og_locale":"de_DE","og_type":"article","og_title":"| Vermietung von Ferienunterk\u00fcnften Veranstaltung | Mi Casa Tu Casa Ibiza","og_description":"The news of the tourist housing sector, innovations and challenges for the future will be discussed at the fifth Congress of Vacational Tourist Homes in","og_url":"\/de\/","og_site_name":"Mi Casa Tu Casa Ibiza","article_publisher":"https:\/\/www.facebook.com\/MiCasaTuCasaIbiza\/","article_published_time":"2019-10-08T12:11:24+00:00","article_modified_time":"2022-03-23T09:05:37+00:00","og_image":[{"width":960,"height":720,"url":"https:\/\/micasatucasaibiza.com\/wp-content\/uploads\/2019\/10\/micasatucasaeventovacationatouristhomesibiza.jpg","type":"image\/jpeg"}],"author":"tamara","twitter_misc":{"Verfasst von":"tamara","Gesch\u00e4tzte Lesezeit":"8\u00a0Minuten"},"schema":{"@context":"https:\/\/schema.org","@graph":[{"@type":"Article","@id":"\/#article","isPartOf":{"@id":"https:\/\/micasatucasaibiza.com\/ibiza-news\/event-about-rental-holiday-housing-in-ibiza\/"},"author":{"name":"tamara","@id":"https:\/\/micasatucasaibiza.com\/#\/schema\/person\/c77f74f86e1ef84a8a55c36649cf988b"},"headline":"Vermietung von Ferienunterk\u00fcnften Veranstaltung","datePublished":"2019-10-08T12:11:24+00:00","dateModified":"2022-03-23T09:05:37+00:00","mainEntityOfPage":{"@id":"https:\/\/micasatucasaibiza.com\/ibiza-news\/event-about-rental-holiday-housing-in-ibiza\/"},"wordCount":1635,"publisher":{"@id":"https:\/\/micasatucasaibiza.com\/#organization"},"image":{"@id":"\/#primaryimage"},"thumbnailUrl":"https:\/\/micasatucasaibiza.com\/wp-content\/uploads\/2019\/10\/micasatucasaeventovacationatouristhomesibiza.jpg","articleSection":["Insel-Nachrichten","Nachhaltigkeit"],"inLanguage":"de"},{"@type":"WebPage","@id":"https:\/\/micasatucasaibiza.com\/de\/ibiza-news\/event-about-rental-holiday-housing-in-ibiza\/","url":"\/de\/","name":"| Vermietung von Ferienunterk\u00fcnften Veranstaltung | Mi Casa Tu Casa Ibiza","isPartOf":{"@id":"https:\/\/micasatucasaibiza.com\/de\/#website"},"primaryImageOfPage":{"@id":"\/de\/#primaryimage"},"image":{"@id":"\/#primaryimage"},"thumbnailUrl":"https:\/\/micasatucasaibiza.com\/wp-content\/uploads\/2019\/10\/micasatucasaeventovacationatouristhomesibiza.jpg","datePublished":"2019-10-08T12:11:24+00:00","dateModified":"2022-03-23T09:05:37+00:00","description":"The news of the tourist housing sector, innovations and challenges for the future will be discussed at the fifth Congress of Vacational Tourist Homes in","breadcrumb":{"@id":"\/de\/#breadcrumb"},"inLanguage":"de","potentialAction":[{"@type":"ReadAction","target":[["\/de\/"]]}]},{"@type":"ImageObject","inLanguage":"de","@id":"\/de\/#primaryimage","url":"https:\/\/micasatucasaibiza.com\/wp-content\/uploads\/2019\/10\/micasatucasaeventovacationatouristhomesibiza.jpg","contentUrl":"https:\/\/micasatucasaibiza.com\/wp-content\/uploads\/2019\/10\/micasatucasaeventovacationatouristhomesibiza.jpg","width":960,"height":720,"caption":"holiday housing event"},{"@type":"BreadcrumbList","@id":"\/de\/#breadcrumb","itemListElement":[{"@type":"ListItem","position":1,"name":"Home","item":"https:\/\/micasatucasaibiza.com\/de\/"},{"@type":"ListItem","position":2,"name":"Rental Holiday Housing Event"}]},{"@type":"WebSite","@id":"https:\/\/micasatucasaibiza.com\/de\/#website","url":"https:\/\/micasatucasaibiza.com\/de\/","name":"Mi Casa Tu Casa Ibiza","description":"Special villas. Exclusively managed.","publisher":{"@id":"https:\/\/micasatucasaibiza.com\/de\/#organization"},"potentialAction":[{"@type":"SearchAction","target":{"@type":"EntryPoint","urlTemplate":"https:\/\/micasatucasaibiza.com\/de\/?s={search_term_string}"},"query-input":{"@type":"PropertyValueSpecification","valueRequired":true,"valueName":"search_term_string"}}],"inLanguage":"de"},{"@type":"Organization","@id":"https:\/\/micasatucasaibiza.com\/de\/#organization","name":"Mi Casa Tu Casa Ibiza","url":"https:\/\/micasatucasaibiza.com\/de\/","logo":{"@type":"ImageObject","inLanguage":"de","@id":"https:\/\/micasatucasaibiza.com\/de\/#\/schema\/logo\/image\/","url":"https:\/\/micasatucasaibiza.com\/wp-content\/uploads\/logo.gif","contentUrl":"https:\/\/micasatucasaibiza.com\/wp-content\/uploads\/logo.gif","width":226,"height":97,"caption":"Mi Casa Tu Casa Ibiza"},"image":{"@id":"https:\/\/micasatucasaibiza.com\/de\/#\/schema\/logo\/image\/"},"sameAs":["https:\/\/www.facebook.com\/MiCasaTuCasaIbiza\/","https:\/\/www.instagram.com\/micasatucasaibiza\/"]},{"@type":"Person","@id":"https:\/\/micasatucasaibiza.com\/#\/schema\/person\/c77f74f86e1ef84a8a55c36649cf988b","name":"tamara","image":{"@type":"ImageObject","inLanguage":"de","@id":"https:\/\/secure.gravatar.com\/avatar\/af9c2e0533f660d46c66f7d9dc905d4de9e3ff9ff196b1fb714be9af16b0a0f5?s=96&d=mm&r=g","url":"https:\/\/secure.gravatar.com\/avatar\/af9c2e0533f660d46c66f7d9dc905d4de9e3ff9ff196b1fb714be9af16b0a0f5?s=96&d=mm&r=g","contentUrl":"https:\/\/secure.gravatar.com\/avatar\/af9c2e0533f660d46c66f7d9dc905d4de9e3ff9ff196b1fb714be9af16b0a0f5?s=96&d=mm&r=g","caption":"tamara"}}]}},"_links":{"self":[{"href":"https:\/\/micasatucasaibiza.com\/de\/wp-json\/wp\/v2\/posts\/8246","targetHints":{"allow":["GET"]}}],"collection":[{"href":"https:\/\/micasatucasaibiza.com\/de\/wp-json\/wp\/v2\/posts"}],"about":[{"href":"https:\/\/micasatucasaibiza.com\/de\/wp-json\/wp\/v2\/types\/post"}],"author":[{"embeddable":true,"href":"https:\/\/micasatucasaibiza.com\/de\/wp-json\/wp\/v2\/users\/18"}],"replies":[{"embeddable":true,"href":"https:\/\/micasatucasaibiza.com\/de\/wp-json\/wp\/v2\/comments?post=8246"}],"version-history":[{"count":10,"href":"https:\/\/micasatucasaibiza.com\/de\/wp-json\/wp\/v2\/posts\/8246\/revisions"}],"predecessor-version":[{"id":10619,"href":"https:\/\/micasatucasaibiza.com\/de\/wp-json\/wp\/v2\/posts\/8246\/revisions\/10619"}],"wp:featuredmedia":[{"embeddable":true,"href":"https:\/\/micasatucasaibiza.com\/de\/wp-json\/wp\/v2\/media\/8278"}],"wp:attachment":[{"href":"https:\/\/micasatucasaibiza.com\/de\/wp-json\/wp\/v2\/media?parent=8246"}],"wp:term":[{"taxonomy":"category","embeddable":true,"href":"https:\/\/micasatucasaibiza.com\/de\/wp-json\/wp\/v2\/categories?post=8246"},{"taxonomy":"post_tag","embeddable":true,"href":"https:\/\/micasatucasaibiza.com\/de\/wp-json\/wp\/v2\/tags?post=8246"}],"curies":[{"name":"wp","href":"https:\/\/api.w.org\/{rel}","templated":true}]}}