{"id":9363,"date":"2021-08-14T11:31:09","date_gmt":"2021-08-14T09:31:09","guid":{"rendered":"https:\/\/micasatucasaibiza.com\/?p=9363"},"modified":"2023-04-12T15:05:55","modified_gmt":"2023-04-12T13:05:55","slug":"what-is-in-store-for-ibiza-2021","status":"publish","type":"post","link":"https:\/\/micasatucasaibiza.com\/es\/ibiza-news\/que-le-espera-a-ibiza-2021\/","title":{"rendered":"\u00bfQu\u00e9 le espera a Ibiza 2021?"},"content":{"rendered":"<p>A medida que nos acercamos al final de lo que ha sido un a\u00f1o tumultuoso y turbulento, pasar la p\u00e1gina de un 2020 contaminado por la covacha y empezar a hacer borr\u00f3n y cuenta nueva en 2021 parece que no podr\u00eda llegar lo suficientemente r\u00e1pido&#8230;.as\u00ed que, \u00bfqu\u00e9 nos depara el Ibiza 2021?<\/p>\n<p>A pesar de la incertidumbre, la mayor\u00eda de las empresas de villas est\u00e1n informando de una temporada muy ocupada, con muchas reservas de este a\u00f1o siendo empujadas a 2021, algunas villas ya est\u00e1n casi completamente reservadas. El cambio en las normas de cuarentena y las inminentes vacunas est\u00e1n teniendo un efecto positivo en las reservas de viajes.<\/p>\n<p>Este a\u00f1o se ha producido un aumento de las familias que vienen a la isla, muchas de ellas por primera vez, utilizando servicios de conserjer\u00eda como alquiler de barcos, chefs privados y sesiones de yoga junto a la piscina en sus villas para evitar las multitudes y al mismo tiempo aprovechar al m\u00e1ximo su experiencia en Ibiza. Esta tendencia se mantendr\u00e1, ya que muchas empresas de alquiler de barcos informan de un aumento de las reservas para el pr\u00f3ximo a\u00f1o.<\/p>\n<p>Los vuelos directos est\u00e1n disponibles en la mayor\u00eda de las compa\u00f1\u00edas a\u00e9reas habituales a partir de abril y es de esperar que la Semana Santa de 2021 tome el relevo de la de 2020. Adem\u00e1s, con muchos pasajeros que se han quedado con los vales de los vuelos cancelados, Ibiza ya est\u00e1 demostrando ser una opci\u00f3n popular.<\/p>\n<p>Las discotecas de la isla llevan cerradas m\u00e1s de un a\u00f1o, pero hay esperanza en el horizonte, ya que <a href=\"https:\/\/www.hiibiza.com\/en\/\">Hi<\/a>, <a href=\"https:\/\/edenibiza.com\/\">Eden<\/a> e <a href=\"https:\/\/www.internationalmusicsummit.com\/\">IMS<\/a> han anunciado su programaci\u00f3n para 2021. Muchos predicen que los locales al aire libre, donde hay espacio para distanciarse con seguridad, ser\u00e1n muy populares este a\u00f1o y la mayor\u00eda de los eventos est\u00e1n estudiando la posibilidad de realizar pruebas sobre el terreno para garantizar la seguridad de sus clientes. Un gran n\u00famero de bares y restaurantes que se alimentan de la escena del club sufrieron mucho este a\u00f1o y ser\u00e1 estupendo ver las terrazas del Puerto y Botafoc llenas de actividad una vez m\u00e1s.<\/p>\n<p>Por supuesto, las playas de Ibiza siguen siendo tan hermosas como siempre, apenas tocadas por la sombra del coronavirus. Los numerosos chiringuitos y bares de playa son el lugar perfecto para disfrutar de un bocado socialmente distendido mientras se contempla la impresionante costa de la isla.<\/p>\n<p>No hay duda de que la isla ha sufrido este a\u00f1o, pero hay un sentimiento de positividad y expectaci\u00f3n en el aire, Ibiza y sus habitantes siempre se han adaptado a lo que el mundo les lanza. As\u00ed que, con el coraz\u00f3n abierto y una peque\u00f1a dosis de inquietud, miramos al 2021 y a lo que nos deparar\u00e1.<\/p>","protected":false},"excerpt":{"rendered":"<p>A medida que nos acercamos al final de lo que ha sido un a\u00f1o tumultuoso y turbulento, pasar la p\u00e1gina de un 2020 contaminado por la covacha y empezar a &hellip;<\/p>\n","protected":false},"author":18,"featured_media":7406,"comment_status":"closed","ping_status":"open","sticky":false,"template":"","format":"standard","meta":{"_acf_changed":false,"footnotes":""},"categories":[58],"tags":[],"class_list":["post-9363","post","type-post","status-publish","format-standard","has-post-thumbnail","hentry","category-uncategorized"],"acf":[],"yoast_head":"<!-- This site is optimized with the Yoast SEO plugin v27.4 - https:\/\/yoast.com\/product\/yoast-seo-wordpress\/ -->\n<title>| \u00bfQu\u00e9 le espera a Ibiza 2021? | Mi Casa Tu Casa Ibiza<\/title>\n<meta name=\"description\" content=\"As we race towards the end of what has been a tumultuous and turbulent year, turning the page on a covid tainted 2020 and starting the clean sheet of 2021\" \/>\n<meta name=\"robots\" content=\"index, follow, max-snippet:-1, max-image-preview:large, max-video-preview:-1\" \/>\n<link rel=\"canonical\" href=\"\/es\/\" \/>\n<meta property=\"og:locale\" content=\"es_ES\" \/>\n<meta property=\"og:type\" content=\"article\" \/>\n<meta property=\"og:title\" content=\"| \u00bfQu\u00e9 le espera a Ibiza 2021? | Mi Casa Tu Casa Ibiza\" \/>\n<meta property=\"og:description\" content=\"As we race towards the end of what has been a tumultuous and turbulent year, turning the page on a covid tainted 2020 and starting the clean sheet of 2021\" \/>\n<meta property=\"og:url\" content=\"\/es\/\" \/>\n<meta property=\"og:site_name\" content=\"Mi Casa Tu Casa Ibiza\" \/>\n<meta property=\"article:publisher\" content=\"https:\/\/www.facebook.com\/MiCasaTuCasaIbiza\/\" \/>\n<meta property=\"article:published_time\" content=\"2021-08-14T09:31:09+00:00\" \/>\n<meta property=\"article:modified_time\" content=\"2023-04-12T13:05:55+00:00\" \/>\n<meta property=\"og:image\" content=\"https:\/\/micasatucasaibiza.com\/wp-content\/uploads\/2019\/03\/villa-can-haya-05.jpg\" \/>\n\t<meta property=\"og:image:width\" content=\"2000\" \/>\n\t<meta property=\"og:image:height\" content=\"1335\" \/>\n\t<meta property=\"og:image:type\" content=\"image\/jpeg\" \/>\n<meta name=\"author\" content=\"tamara\" \/>\n<meta name=\"twitter:label1\" content=\"Escrito por\" \/>\n\t<meta name=\"twitter:data1\" content=\"tamara\" \/>\n\t<meta name=\"twitter:label2\" content=\"Tiempo de lectura\" \/>\n\t<meta name=\"twitter:data2\" content=\"2 minutos\" \/>\n<script type=\"application\/ld+json\" class=\"yoast-schema-graph\">{\"@context\":\"https:\\\/\\\/schema.org\",\"@graph\":[{\"@type\":\"Article\",\"@id\":\"\\\/#article\",\"isPartOf\":{\"@id\":\"https:\\\/\\\/micasatucasaibiza.com\\\/ibiza-news\\\/what-is-in-store-for-ibiza-2021\\\/\"},\"author\":{\"name\":\"tamara\",\"@id\":\"https:\\\/\\\/micasatucasaibiza.com\\\/#\\\/schema\\\/person\\\/c77f74f86e1ef84a8a55c36649cf988b\"},\"headline\":\"\u00bfQu\u00e9 le espera a Ibiza 2021?\",\"datePublished\":\"2021-08-14T09:31:09+00:00\",\"dateModified\":\"2023-04-12T13:05:55+00:00\",\"mainEntityOfPage\":{\"@id\":\"https:\\\/\\\/micasatucasaibiza.com\\\/ibiza-news\\\/what-is-in-store-for-ibiza-2021\\\/\"},\"wordCount\":1714,\"publisher\":{\"@id\":\"https:\\\/\\\/micasatucasaibiza.com\\\/#organization\"},\"image\":{\"@id\":\"\\\/#primaryimage\"},\"thumbnailUrl\":\"https:\\\/\\\/micasatucasaibiza.com\\\/wp-content\\\/uploads\\\/2019\\\/03\\\/villa-can-haya-05.jpg\",\"inLanguage\":\"es\"},{\"@type\":\"WebPage\",\"@id\":\"https:\\\/\\\/micasatucasaibiza.com\\\/es\\\/ibiza-news\\\/what-is-in-store-for-ibiza-2021\\\/\",\"url\":\"\\\/es\\\/\",\"name\":\"| \u00bfQu\u00e9 le espera a Ibiza 2021? | Mi Casa Tu Casa Ibiza\",\"isPartOf\":{\"@id\":\"https:\\\/\\\/micasatucasaibiza.com\\\/es\\\/#website\"},\"primaryImageOfPage\":{\"@id\":\"\\\/es\\\/#primaryimage\"},\"image\":{\"@id\":\"\\\/#primaryimage\"},\"thumbnailUrl\":\"https:\\\/\\\/micasatucasaibiza.com\\\/wp-content\\\/uploads\\\/2019\\\/03\\\/villa-can-haya-05.jpg\",\"datePublished\":\"2021-08-14T09:31:09+00:00\",\"dateModified\":\"2023-04-12T13:05:55+00:00\",\"description\":\"As we race towards the end of what has been a tumultuous and turbulent year, turning the page on a covid tainted 2020 and starting the clean sheet of 2021\",\"breadcrumb\":{\"@id\":\"\\\/es\\\/#breadcrumb\"},\"inLanguage\":\"es\",\"potentialAction\":[{\"@type\":\"ReadAction\",\"target\":[[\"\\\/es\\\/\"]]}]},{\"@type\":\"ImageObject\",\"inLanguage\":\"es\",\"@id\":\"\\\/es\\\/#primaryimage\",\"url\":\"https:\\\/\\\/micasatucasaibiza.com\\\/wp-content\\\/uploads\\\/2019\\\/03\\\/villa-can-haya-05.jpg\",\"contentUrl\":\"https:\\\/\\\/micasatucasaibiza.com\\\/wp-content\\\/uploads\\\/2019\\\/03\\\/villa-can-haya-05.jpg\",\"width\":2000,\"height\":1335,\"caption\":\"Villa Can Haya 05\"},{\"@type\":\"BreadcrumbList\",\"@id\":\"\\\/es\\\/#breadcrumb\",\"itemListElement\":[{\"@type\":\"ListItem\",\"position\":1,\"name\":\"Home\",\"item\":\"https:\\\/\\\/micasatucasaibiza.com\\\/es\\\/\"},{\"@type\":\"ListItem\",\"position\":2,\"name\":\"What is in store for Ibiza 2021?\"}]},{\"@type\":\"WebSite\",\"@id\":\"https:\\\/\\\/micasatucasaibiza.com\\\/es\\\/#website\",\"url\":\"https:\\\/\\\/micasatucasaibiza.com\\\/es\\\/\",\"name\":\"Mi Casa Tu Casa Ibiza\",\"description\":\"Special villas. Exclusively managed.\",\"publisher\":{\"@id\":\"https:\\\/\\\/micasatucasaibiza.com\\\/es\\\/#organization\"},\"potentialAction\":[{\"@type\":\"SearchAction\",\"target\":{\"@type\":\"EntryPoint\",\"urlTemplate\":\"https:\\\/\\\/micasatucasaibiza.com\\\/es\\\/?s={search_term_string}\"},\"query-input\":{\"@type\":\"PropertyValueSpecification\",\"valueRequired\":true,\"valueName\":\"search_term_string\"}}],\"inLanguage\":\"es\"},{\"@type\":\"Organization\",\"@id\":\"https:\\\/\\\/micasatucasaibiza.com\\\/es\\\/#organization\",\"name\":\"Mi Casa Tu Casa Ibiza\",\"url\":\"https:\\\/\\\/micasatucasaibiza.com\\\/es\\\/\",\"logo\":{\"@type\":\"ImageObject\",\"inLanguage\":\"es\",\"@id\":\"https:\\\/\\\/micasatucasaibiza.com\\\/es\\\/#\\\/schema\\\/logo\\\/image\\\/\",\"url\":\"https:\\\/\\\/micasatucasaibiza.com\\\/wp-content\\\/uploads\\\/logo.gif\",\"contentUrl\":\"https:\\\/\\\/micasatucasaibiza.com\\\/wp-content\\\/uploads\\\/logo.gif\",\"width\":226,\"height\":97,\"caption\":\"Mi Casa Tu Casa Ibiza\"},\"image\":{\"@id\":\"https:\\\/\\\/micasatucasaibiza.com\\\/es\\\/#\\\/schema\\\/logo\\\/image\\\/\"},\"sameAs\":[\"https:\\\/\\\/www.facebook.com\\\/MiCasaTuCasaIbiza\\\/\",\"https:\\\/\\\/www.instagram.com\\\/micasatucasaibiza\\\/\"]},{\"@type\":\"Person\",\"@id\":\"https:\\\/\\\/micasatucasaibiza.com\\\/#\\\/schema\\\/person\\\/c77f74f86e1ef84a8a55c36649cf988b\",\"name\":\"tamara\",\"image\":{\"@type\":\"ImageObject\",\"inLanguage\":\"es\",\"@id\":\"https:\\\/\\\/secure.gravatar.com\\\/avatar\\\/af9c2e0533f660d46c66f7d9dc905d4de9e3ff9ff196b1fb714be9af16b0a0f5?s=96&d=mm&r=g\",\"url\":\"https:\\\/\\\/secure.gravatar.com\\\/avatar\\\/af9c2e0533f660d46c66f7d9dc905d4de9e3ff9ff196b1fb714be9af16b0a0f5?s=96&d=mm&r=g\",\"contentUrl\":\"https:\\\/\\\/secure.gravatar.com\\\/avatar\\\/af9c2e0533f660d46c66f7d9dc905d4de9e3ff9ff196b1fb714be9af16b0a0f5?s=96&d=mm&r=g\",\"caption\":\"tamara\"}}]}<\/script>\n<!-- \/ Yoast SEO plugin. -->","yoast_head_json":{"title":"| \u00bfQu\u00e9 le espera a Ibiza 2021? | Mi Casa Tu Casa Ibiza","description":"As we race towards the end of what has been a tumultuous and turbulent year, turning the page on a covid tainted 2020 and starting the clean sheet of 2021","robots":{"index":"index","follow":"follow","max-snippet":"max-snippet:-1","max-image-preview":"max-image-preview:large","max-video-preview":"max-video-preview:-1"},"canonical":"\/es\/","og_locale":"es_ES","og_type":"article","og_title":"| \u00bfQu\u00e9 le espera a Ibiza 2021? | Mi Casa Tu Casa Ibiza","og_description":"As we race towards the end of what has been a tumultuous and turbulent year, turning the page on a covid tainted 2020 and starting the clean sheet of 2021","og_url":"\/es\/","og_site_name":"Mi Casa Tu Casa Ibiza","article_publisher":"https:\/\/www.facebook.com\/MiCasaTuCasaIbiza\/","article_published_time":"2021-08-14T09:31:09+00:00","article_modified_time":"2023-04-12T13:05:55+00:00","og_image":[{"width":2000,"height":1335,"url":"https:\/\/micasatucasaibiza.com\/wp-content\/uploads\/2019\/03\/villa-can-haya-05.jpg","type":"image\/jpeg"}],"author":"tamara","twitter_misc":{"Escrito por":"tamara","Tiempo de lectura":"2 minutos"},"schema":{"@context":"https:\/\/schema.org","@graph":[{"@type":"Article","@id":"\/#article","isPartOf":{"@id":"https:\/\/micasatucasaibiza.com\/ibiza-news\/what-is-in-store-for-ibiza-2021\/"},"author":{"name":"tamara","@id":"https:\/\/micasatucasaibiza.com\/#\/schema\/person\/c77f74f86e1ef84a8a55c36649cf988b"},"headline":"\u00bfQu\u00e9 le espera a Ibiza 2021?","datePublished":"2021-08-14T09:31:09+00:00","dateModified":"2023-04-12T13:05:55+00:00","mainEntityOfPage":{"@id":"https:\/\/micasatucasaibiza.com\/ibiza-news\/what-is-in-store-for-ibiza-2021\/"},"wordCount":1714,"publisher":{"@id":"https:\/\/micasatucasaibiza.com\/#organization"},"image":{"@id":"\/#primaryimage"},"thumbnailUrl":"https:\/\/micasatucasaibiza.com\/wp-content\/uploads\/2019\/03\/villa-can-haya-05.jpg","inLanguage":"es"},{"@type":"WebPage","@id":"https:\/\/micasatucasaibiza.com\/es\/ibiza-news\/what-is-in-store-for-ibiza-2021\/","url":"\/es\/","name":"| \u00bfQu\u00e9 le espera a Ibiza 2021? | Mi Casa Tu Casa Ibiza","isPartOf":{"@id":"https:\/\/micasatucasaibiza.com\/es\/#website"},"primaryImageOfPage":{"@id":"\/es\/#primaryimage"},"image":{"@id":"\/#primaryimage"},"thumbnailUrl":"https:\/\/micasatucasaibiza.com\/wp-content\/uploads\/2019\/03\/villa-can-haya-05.jpg","datePublished":"2021-08-14T09:31:09+00:00","dateModified":"2023-04-12T13:05:55+00:00","description":"As we race towards the end of what has been a tumultuous and turbulent year, turning the page on a covid tainted 2020 and starting the clean sheet of 2021","breadcrumb":{"@id":"\/es\/#breadcrumb"},"inLanguage":"es","potentialAction":[{"@type":"ReadAction","target":[["\/es\/"]]}]},{"@type":"ImageObject","inLanguage":"es","@id":"\/es\/#primaryimage","url":"https:\/\/micasatucasaibiza.com\/wp-content\/uploads\/2019\/03\/villa-can-haya-05.jpg","contentUrl":"https:\/\/micasatucasaibiza.com\/wp-content\/uploads\/2019\/03\/villa-can-haya-05.jpg","width":2000,"height":1335,"caption":"Villa Can Haya 05"},{"@type":"BreadcrumbList","@id":"\/es\/#breadcrumb","itemListElement":[{"@type":"ListItem","position":1,"name":"Home","item":"https:\/\/micasatucasaibiza.com\/es\/"},{"@type":"ListItem","position":2,"name":"What is in store for Ibiza 2021?"}]},{"@type":"WebSite","@id":"https:\/\/micasatucasaibiza.com\/es\/#website","url":"https:\/\/micasatucasaibiza.com\/es\/","name":"Mi Casa Tu Casa Ibiza","description":"Special villas. Exclusively managed.","publisher":{"@id":"https:\/\/micasatucasaibiza.com\/es\/#organization"},"potentialAction":[{"@type":"SearchAction","target":{"@type":"EntryPoint","urlTemplate":"https:\/\/micasatucasaibiza.com\/es\/?s={search_term_string}"},"query-input":{"@type":"PropertyValueSpecification","valueRequired":true,"valueName":"search_term_string"}}],"inLanguage":"es"},{"@type":"Organization","@id":"https:\/\/micasatucasaibiza.com\/es\/#organization","name":"Mi Casa Tu Casa Ibiza","url":"https:\/\/micasatucasaibiza.com\/es\/","logo":{"@type":"ImageObject","inLanguage":"es","@id":"https:\/\/micasatucasaibiza.com\/es\/#\/schema\/logo\/image\/","url":"https:\/\/micasatucasaibiza.com\/wp-content\/uploads\/logo.gif","contentUrl":"https:\/\/micasatucasaibiza.com\/wp-content\/uploads\/logo.gif","width":226,"height":97,"caption":"Mi Casa Tu Casa Ibiza"},"image":{"@id":"https:\/\/micasatucasaibiza.com\/es\/#\/schema\/logo\/image\/"},"sameAs":["https:\/\/www.facebook.com\/MiCasaTuCasaIbiza\/","https:\/\/www.instagram.com\/micasatucasaibiza\/"]},{"@type":"Person","@id":"https:\/\/micasatucasaibiza.com\/#\/schema\/person\/c77f74f86e1ef84a8a55c36649cf988b","name":"tamara","image":{"@type":"ImageObject","inLanguage":"es","@id":"https:\/\/secure.gravatar.com\/avatar\/af9c2e0533f660d46c66f7d9dc905d4de9e3ff9ff196b1fb714be9af16b0a0f5?s=96&d=mm&r=g","url":"https:\/\/secure.gravatar.com\/avatar\/af9c2e0533f660d46c66f7d9dc905d4de9e3ff9ff196b1fb714be9af16b0a0f5?s=96&d=mm&r=g","contentUrl":"https:\/\/secure.gravatar.com\/avatar\/af9c2e0533f660d46c66f7d9dc905d4de9e3ff9ff196b1fb714be9af16b0a0f5?s=96&d=mm&r=g","caption":"tamara"}}]}},"_links":{"self":[{"href":"https:\/\/micasatucasaibiza.com\/es\/wp-json\/wp\/v2\/posts\/9363","targetHints":{"allow":["GET"]}}],"collection":[{"href":"https:\/\/micasatucasaibiza.com\/es\/wp-json\/wp\/v2\/posts"}],"about":[{"href":"https:\/\/micasatucasaibiza.com\/es\/wp-json\/wp\/v2\/types\/post"}],"author":[{"embeddable":true,"href":"https:\/\/micasatucasaibiza.com\/es\/wp-json\/wp\/v2\/users\/18"}],"replies":[{"embeddable":true,"href":"https:\/\/micasatucasaibiza.com\/es\/wp-json\/wp\/v2\/comments?post=9363"}],"version-history":[{"count":9,"href":"https:\/\/micasatucasaibiza.com\/es\/wp-json\/wp\/v2\/posts\/9363\/revisions"}],"predecessor-version":[{"id":13638,"href":"https:\/\/micasatucasaibiza.com\/es\/wp-json\/wp\/v2\/posts\/9363\/revisions\/13638"}],"wp:featuredmedia":[{"embeddable":true,"href":"https:\/\/micasatucasaibiza.com\/es\/wp-json\/wp\/v2\/media\/7406"}],"wp:attachment":[{"href":"https:\/\/micasatucasaibiza.com\/es\/wp-json\/wp\/v2\/media?parent=9363"}],"wp:term":[{"taxonomy":"category","embeddable":true,"href":"https:\/\/micasatucasaibiza.com\/es\/wp-json\/wp\/v2\/categories?post=9363"},{"taxonomy":"post_tag","embeddable":true,"href":"https:\/\/micasatucasaibiza.com\/es\/wp-json\/wp\/v2\/tags?post=9363"}],"curies":[{"name":"wp","href":"https:\/\/api.w.org\/{rel}","templated":true}]}}